{"id":4519,"date":"2023-11-10T09:58:59","date_gmt":"2023-11-10T06:58:59","guid":{"rendered":"https:\/\/www.makinagetir.com\/blog\/?p=4519"},"modified":"2024-03-25T13:55:07","modified_gmt":"2024-03-25T10:55:07","slug":"saygi-minnet-ve-sukranla","status":"publish","type":"post","link":"https:\/\/www.ytrent.com\/blog\/saygi-minnet-ve-sukranla\/","title":{"rendered":"Sayg\u0131, Minnet ve \u015e\u00fckranla&#8230;"},"content":{"rendered":"\n<p>10 Kas\u0131m, yaln\u0131zca ge\u00e7mi\u015fi anma de\u011fil, ayn\u0131 zamanda gelece\u011fi \u015fekillendirme g\u00fcn\u00fcd\u00fcr. Atat\u00fcrk&#8217;\u00fcn &#8220;Benden sonra, beni benimsemek isteyenler, bu temel mihver \u00fczerinde ak\u0131l ve ilmin rehberli\u011fini kabul ederlerse, manev\u00ee miras\u00e7\u0131lar\u0131m olurlar.&#8221; s\u00f6zleri, bizlere sadece bir miras\u0131 de\u011fil, ayn\u0131 zamanda bir sorumlulu\u011fu devrald\u0131\u011f\u0131m\u0131z\u0131 g\u00f6steriyor.<\/p>\n\n\n\n<p>Bu \u00f6nemli g\u00fcnde YTRENT olarak, biz de Atat\u00fcrk&#8217;\u00fcn de\u011ferlerini ya\u015fatma ve onun izinden ilerlemenin b\u00fcy\u00fck sorumlulu\u011funu ta\u015f\u0131d\u0131\u011f\u0131m\u0131z\u0131 yeniden hat\u0131rl\u0131yor ve aram\u0131zdan ayr\u0131l\u0131\u015f\u0131n\u0131n 85. y\u0131l d\u00f6n\u00fcm\u00fcnde Atam\u0131z\u0131; sayg\u0131, minnet ve \u015f\u00fckranla an\u0131yoruz\u2026<\/p>\n\n\n\n<p>YTRENT Ekibi<\/p>\n","protected":false},"excerpt":{"rendered":"<p>10 Kas\u0131m, yaln\u0131zca ge\u00e7mi\u015fi anma de\u011fil, ayn\u0131 zamanda gelece\u011fi \u015fekillendirme g\u00fcn\u00fcd\u00fcr. Atat\u00fcrk&#8217;\u00fcn &#8220;Benden sonra, beni benimsemek isteyenler, bu temel mihver \u00fczerinde ak\u0131l ve ilmin rehberli\u011fini kabul ederlerse, manev\u00ee miras\u00e7\u0131lar\u0131m olurlar.&#8221; s\u00f6zleri, bizlere sadece bir miras\u0131 de\u011fil, ayn\u0131 zamanda bir sorumlulu\u011fu devrald\u0131\u011f\u0131m\u0131z\u0131 g\u00f6steriyor. Bu \u00f6nemli g\u00fcnde YTRENT olarak, biz de Atat\u00fcrk&#8217;\u00fcn de\u011ferlerini ya\u015fatma ve onun izinden<\/p>\n","protected":false},"author":9,"featured_media":4527,"comment_status":"open","ping_status":"open","sticky":false,"template":"","format":"standard","meta":{"footnotes":""},"categories":[265],"tags":[266,106],"yoast_head":"<!-- This site is optimized with the Yoast SEO plugin v21.3 - https:\/\/yoast.com\/wordpress\/plugins\/seo\/ -->\n<title>Sayg\u0131, Minnet ve \u015e\u00fckranla... - ytrent.com Blog<\/title>\n<meta name=\"description\" content=\"10 Kas\u0131m, T\u00fcrkiye Cumhuriyeti&#039;nin kurucusu B\u00fcy\u00fck \u00d6nder Mustafa Kemal Atat\u00fcrk&#039;\u00fc anma g\u00fcn\u00fcd\u00fcr. T\u00fcrkiye&#039;nin tarihinde \u00f6nemli bir yere sahip olan ve her y\u0131l b\u00fcy\u00fck bir gurur ve sayg\u0131yla an\u0131lan bu tarih, Atat\u00fcrk&#039;\u00fcn liderli\u011fi ve vizyonu sayesinde T\u00fcrk milletinin ulusal ba\u011f\u0131ms\u0131zl\u0131\u011f\u0131n\u0131 kazanmas\u0131n\u0131n yan\u0131 s\u0131ra modern bir cumhuriyetin temellerinin at\u0131lmas\u0131n\u0131 simgeler.\" \/>\n<meta name=\"robots\" content=\"index, follow, max-snippet:-1, max-image-preview:large, max-video-preview:-1\" \/>\n<link rel=\"canonical\" href=\"https:\/\/www.ytrent.com\/blog\/saygi-minnet-ve-sukranla\/\" \/>\n<meta property=\"og:locale\" content=\"tr_TR\" \/>\n<meta property=\"og:type\" content=\"article\" \/>\n<meta property=\"og:title\" content=\"Sayg\u0131, Minnet ve \u015e\u00fckranla... - ytrent.com Blog\" \/>\n<meta property=\"og:description\" content=\"10 Kas\u0131m, T\u00fcrkiye Cumhuriyeti&#039;nin kurucusu B\u00fcy\u00fck \u00d6nder Mustafa Kemal Atat\u00fcrk&#039;\u00fc anma g\u00fcn\u00fcd\u00fcr. T\u00fcrkiye&#039;nin tarihinde \u00f6nemli bir yere sahip olan ve her y\u0131l b\u00fcy\u00fck bir gurur ve sayg\u0131yla an\u0131lan bu tarih, Atat\u00fcrk&#039;\u00fcn liderli\u011fi ve vizyonu sayesinde T\u00fcrk milletinin ulusal ba\u011f\u0131ms\u0131zl\u0131\u011f\u0131n\u0131 kazanmas\u0131n\u0131n yan\u0131 s\u0131ra modern bir cumhuriyetin temellerinin at\u0131lmas\u0131n\u0131 simgeler.\" \/>\n<meta property=\"og:url\" content=\"https:\/\/www.ytrent.com\/blog\/saygi-minnet-ve-sukranla\/\" \/>\n<meta property=\"og:site_name\" content=\"ytrent.com Blog\" \/>\n<meta property=\"article:published_time\" content=\"2023-11-10T06:58:59+00:00\" \/>\n<meta property=\"article:modified_time\" content=\"2024-03-25T10:55:07+00:00\" \/>\n<meta property=\"og:image\" content=\"https:\/\/www.ytrent.com\/blog\/wp-content\/uploads\/2023\/11\/10kasimm.jpg\" \/>\n\t<meta property=\"og:image:width\" content=\"1200\" \/>\n\t<meta property=\"og:image:height\" content=\"900\" \/>\n\t<meta property=\"og:image:type\" content=\"image\/jpeg\" \/>\n<meta name=\"author\" content=\"YTRENT\" \/>\n<meta name=\"twitter:card\" content=\"summary_large_image\" \/>\n<meta name=\"twitter:label1\" content=\"Yazan:\" \/>\n\t<meta name=\"twitter:data1\" content=\"YTRENT\" \/>\n\t<meta name=\"twitter:label2\" content=\"Tahmini okuma s\u00fcresi\" \/>\n\t<meta name=\"twitter:data2\" content=\"1 dakika\" \/>\n<script type=\"application\/ld+json\" class=\"yoast-schema-graph\">{\"@context\":\"https:\/\/schema.org\",\"@graph\":[{\"@type\":\"WebPage\",\"@id\":\"https:\/\/www.ytrent.com\/blog\/saygi-minnet-ve-sukranla\/\",\"url\":\"https:\/\/www.ytrent.com\/blog\/saygi-minnet-ve-sukranla\/\",\"name\":\"Sayg\u0131, Minnet ve \u015e\u00fckranla... - ytrent.com Blog\",\"isPartOf\":{\"@id\":\"https:\/\/www.ytrent.com\/blog\/#website\"},\"datePublished\":\"2023-11-10T06:58:59+00:00\",\"dateModified\":\"2024-03-25T10:55:07+00:00\",\"author\":{\"@id\":\"https:\/\/www.ytrent.com\/blog\/#\/schema\/person\/c3aa585467611f906c8ec4e436674c91\"},\"description\":\"10 Kas\u0131m, T\u00fcrkiye Cumhuriyeti'nin kurucusu B\u00fcy\u00fck \u00d6nder Mustafa Kemal Atat\u00fcrk'\u00fc anma g\u00fcn\u00fcd\u00fcr. T\u00fcrkiye'nin tarihinde \u00f6nemli bir yere sahip olan ve her y\u0131l b\u00fcy\u00fck bir gurur ve sayg\u0131yla an\u0131lan bu tarih, Atat\u00fcrk'\u00fcn liderli\u011fi ve vizyonu sayesinde T\u00fcrk milletinin ulusal ba\u011f\u0131ms\u0131zl\u0131\u011f\u0131n\u0131 kazanmas\u0131n\u0131n yan\u0131 s\u0131ra modern bir cumhuriyetin temellerinin at\u0131lmas\u0131n\u0131 simgeler.\",\"breadcrumb\":{\"@id\":\"https:\/\/www.ytrent.com\/blog\/saygi-minnet-ve-sukranla\/#breadcrumb\"},\"inLanguage\":\"tr\",\"potentialAction\":[{\"@type\":\"ReadAction\",\"target\":[\"https:\/\/www.ytrent.com\/blog\/saygi-minnet-ve-sukranla\/\"]}]},{\"@type\":\"BreadcrumbList\",\"@id\":\"https:\/\/www.ytrent.com\/blog\/saygi-minnet-ve-sukranla\/#breadcrumb\",\"itemListElement\":[{\"@type\":\"ListItem\",\"position\":1,\"name\":\"Ana sayfa\",\"item\":\"https:\/\/www.ytrent.com\/blog\/\"},{\"@type\":\"ListItem\",\"position\":2,\"name\":\"Sayg\u0131, Minnet ve \u015e\u00fckranla&#8230;\"}]},{\"@type\":\"WebSite\",\"@id\":\"https:\/\/www.ytrent.com\/blog\/#website\",\"url\":\"https:\/\/www.ytrent.com\/blog\/\",\"name\":\"makinagetir.com Blog\",\"description\":\"H\u0131zl\u0131, Kolay ve G\u00fcvenilir\",\"potentialAction\":[{\"@type\":\"SearchAction\",\"target\":{\"@type\":\"EntryPoint\",\"urlTemplate\":\"https:\/\/www.ytrent.com\/blog\/?s={search_term_string}\"},\"query-input\":\"required name=search_term_string\"}],\"inLanguage\":\"tr\"},{\"@type\":\"Person\",\"@id\":\"https:\/\/www.ytrent.com\/blog\/#\/schema\/person\/c3aa585467611f906c8ec4e436674c91\",\"name\":\"YTRENT\",\"image\":{\"@type\":\"ImageObject\",\"inLanguage\":\"tr\",\"@id\":\"https:\/\/www.ytrent.com\/blog\/#\/schema\/person\/image\/\",\"url\":\"https:\/\/secure.gravatar.com\/avatar\/3b9b6b6503b8ad2a780343e695ad2968?s=96&d=mm&r=g\",\"contentUrl\":\"https:\/\/secure.gravatar.com\/avatar\/3b9b6b6503b8ad2a780343e695ad2968?s=96&d=mm&r=g\",\"caption\":\"YTRENT\"},\"url\":\"https:\/\/www.ytrent.com\/blog\/author\/mccroipublic-com\/\"}]}<\/script>\n<!-- \/ Yoast SEO plugin. -->","yoast_head_json":{"title":"Sayg\u0131, Minnet ve \u015e\u00fckranla... - ytrent.com Blog","description":"10 Kas\u0131m, T\u00fcrkiye Cumhuriyeti'nin kurucusu B\u00fcy\u00fck \u00d6nder Mustafa Kemal Atat\u00fcrk'\u00fc anma g\u00fcn\u00fcd\u00fcr. T\u00fcrkiye'nin tarihinde \u00f6nemli bir yere sahip olan ve her y\u0131l b\u00fcy\u00fck bir gurur ve sayg\u0131yla an\u0131lan bu tarih, Atat\u00fcrk'\u00fcn liderli\u011fi ve vizyonu sayesinde T\u00fcrk milletinin ulusal ba\u011f\u0131ms\u0131zl\u0131\u011f\u0131n\u0131 kazanmas\u0131n\u0131n yan\u0131 s\u0131ra modern bir cumhuriyetin temellerinin at\u0131lmas\u0131n\u0131 simgeler.","robots":{"index":"index","follow":"follow","max-snippet":"max-snippet:-1","max-image-preview":"max-image-preview:large","max-video-preview":"max-video-preview:-1"},"canonical":"https:\/\/www.ytrent.com\/blog\/saygi-minnet-ve-sukranla\/","og_locale":"tr_TR","og_type":"article","og_title":"Sayg\u0131, Minnet ve \u015e\u00fckranla... - ytrent.com Blog","og_description":"10 Kas\u0131m, T\u00fcrkiye Cumhuriyeti'nin kurucusu B\u00fcy\u00fck \u00d6nder Mustafa Kemal Atat\u00fcrk'\u00fc anma g\u00fcn\u00fcd\u00fcr. T\u00fcrkiye'nin tarihinde \u00f6nemli bir yere sahip olan ve her y\u0131l b\u00fcy\u00fck bir gurur ve sayg\u0131yla an\u0131lan bu tarih, Atat\u00fcrk'\u00fcn liderli\u011fi ve vizyonu sayesinde T\u00fcrk milletinin ulusal ba\u011f\u0131ms\u0131zl\u0131\u011f\u0131n\u0131 kazanmas\u0131n\u0131n yan\u0131 s\u0131ra modern bir cumhuriyetin temellerinin at\u0131lmas\u0131n\u0131 simgeler.","og_url":"https:\/\/www.ytrent.com\/blog\/saygi-minnet-ve-sukranla\/","og_site_name":"ytrent.com Blog","article_published_time":"2023-11-10T06:58:59+00:00","article_modified_time":"2024-03-25T10:55:07+00:00","og_image":[{"width":1200,"height":900,"url":"https:\/\/www.ytrent.com\/blog\/wp-content\/uploads\/2023\/11\/10kasimm.jpg","type":"image\/jpeg"}],"author":"YTRENT","twitter_card":"summary_large_image","twitter_misc":{"Yazan:":"YTRENT","Tahmini okuma s\u00fcresi":"1 dakika"},"schema":{"@context":"https:\/\/schema.org","@graph":[{"@type":"WebPage","@id":"https:\/\/www.ytrent.com\/blog\/saygi-minnet-ve-sukranla\/","url":"https:\/\/www.ytrent.com\/blog\/saygi-minnet-ve-sukranla\/","name":"Sayg\u0131, Minnet ve \u015e\u00fckranla... - ytrent.com Blog","isPartOf":{"@id":"https:\/\/www.ytrent.com\/blog\/#website"},"datePublished":"2023-11-10T06:58:59+00:00","dateModified":"2024-03-25T10:55:07+00:00","author":{"@id":"https:\/\/www.ytrent.com\/blog\/#\/schema\/person\/c3aa585467611f906c8ec4e436674c91"},"description":"10 Kas\u0131m, T\u00fcrkiye Cumhuriyeti'nin kurucusu B\u00fcy\u00fck \u00d6nder Mustafa Kemal Atat\u00fcrk'\u00fc anma g\u00fcn\u00fcd\u00fcr. T\u00fcrkiye'nin tarihinde \u00f6nemli bir yere sahip olan ve her y\u0131l b\u00fcy\u00fck bir gurur ve sayg\u0131yla an\u0131lan bu tarih, Atat\u00fcrk'\u00fcn liderli\u011fi ve vizyonu sayesinde T\u00fcrk milletinin ulusal ba\u011f\u0131ms\u0131zl\u0131\u011f\u0131n\u0131 kazanmas\u0131n\u0131n yan\u0131 s\u0131ra modern bir cumhuriyetin temellerinin at\u0131lmas\u0131n\u0131 simgeler.","breadcrumb":{"@id":"https:\/\/www.ytrent.com\/blog\/saygi-minnet-ve-sukranla\/#breadcrumb"},"inLanguage":"tr","potentialAction":[{"@type":"ReadAction","target":["https:\/\/www.ytrent.com\/blog\/saygi-minnet-ve-sukranla\/"]}]},{"@type":"BreadcrumbList","@id":"https:\/\/www.ytrent.com\/blog\/saygi-minnet-ve-sukranla\/#breadcrumb","itemListElement":[{"@type":"ListItem","position":1,"name":"Ana sayfa","item":"https:\/\/www.ytrent.com\/blog\/"},{"@type":"ListItem","position":2,"name":"Sayg\u0131, Minnet ve \u015e\u00fckranla&#8230;"}]},{"@type":"WebSite","@id":"https:\/\/www.ytrent.com\/blog\/#website","url":"https:\/\/www.ytrent.com\/blog\/","name":"makinagetir.com Blog","description":"H\u0131zl\u0131, Kolay ve G\u00fcvenilir","potentialAction":[{"@type":"SearchAction","target":{"@type":"EntryPoint","urlTemplate":"https:\/\/www.ytrent.com\/blog\/?s={search_term_string}"},"query-input":"required name=search_term_string"}],"inLanguage":"tr"},{"@type":"Person","@id":"https:\/\/www.ytrent.com\/blog\/#\/schema\/person\/c3aa585467611f906c8ec4e436674c91","name":"YTRENT","image":{"@type":"ImageObject","inLanguage":"tr","@id":"https:\/\/www.ytrent.com\/blog\/#\/schema\/person\/image\/","url":"https:\/\/secure.gravatar.com\/avatar\/3b9b6b6503b8ad2a780343e695ad2968?s=96&d=mm&r=g","contentUrl":"https:\/\/secure.gravatar.com\/avatar\/3b9b6b6503b8ad2a780343e695ad2968?s=96&d=mm&r=g","caption":"YTRENT"},"url":"https:\/\/www.ytrent.com\/blog\/author\/mccroipublic-com\/"}]}},"_links":{"self":[{"href":"https:\/\/www.ytrent.com\/blog\/wp-json\/wp\/v2\/posts\/4519"}],"collection":[{"href":"https:\/\/www.ytrent.com\/blog\/wp-json\/wp\/v2\/posts"}],"about":[{"href":"https:\/\/www.ytrent.com\/blog\/wp-json\/wp\/v2\/types\/post"}],"author":[{"embeddable":true,"href":"https:\/\/www.ytrent.com\/blog\/wp-json\/wp\/v2\/users\/9"}],"replies":[{"embeddable":true,"href":"https:\/\/www.ytrent.com\/blog\/wp-json\/wp\/v2\/comments?post=4519"}],"version-history":[{"count":2,"href":"https:\/\/www.ytrent.com\/blog\/wp-json\/wp\/v2\/posts\/4519\/revisions"}],"predecessor-version":[{"id":4832,"href":"https:\/\/www.ytrent.com\/blog\/wp-json\/wp\/v2\/posts\/4519\/revisions\/4832"}],"wp:featuredmedia":[{"embeddable":true,"href":"https:\/\/www.ytrent.com\/blog\/wp-json\/wp\/v2\/media\/4527"}],"wp:attachment":[{"href":"https:\/\/www.ytrent.com\/blog\/wp-json\/wp\/v2\/media?parent=4519"}],"wp:term":[{"taxonomy":"category","embeddable":true,"href":"https:\/\/www.ytrent.com\/blog\/wp-json\/wp\/v2\/categories?post=4519"},{"taxonomy":"post_tag","embeddable":true,"href":"https:\/\/www.ytrent.com\/blog\/wp-json\/wp\/v2\/tags?post=4519"}],"curies":[{"name":"wp","href":"https:\/\/api.w.org\/{rel}","templated":true}]}}