{"id":4553,"date":"2024-01-16T16:50:20","date_gmt":"2024-01-16T13:50:20","guid":{"rendered":"https:\/\/www.makinagetir.com\/blog\/?p=4553"},"modified":"2024-05-01T11:19:49","modified_gmt":"2024-05-01T08:19:49","slug":"16-ocak-dunya-hijyen-gununde-calisma-sahalarimizda-hijyenin-onemi","status":"publish","type":"post","link":"https:\/\/www.ytrent.com\/blog\/16-ocak-dunya-hijyen-gununde-calisma-sahalarimizda-hijyenin-onemi\/","title":{"rendered":"16 Ocak D\u00fcnya Hijyen G\u00fcn\u00fcnde, \u00c7al\u0131\u015fma Sahalar\u0131m\u0131zda Hijyenin \u00d6nemi!"},"content":{"rendered":"\n<p><strong>D\u00fcnya Hijyen G\u00fcn\u00fc<\/strong>, d\u00fcnya genelinde hijyenin \u00f6nemini vurgulayan bir g\u00fcnd\u00fcr.<\/p>\n\n\n\n<p>Bu g\u00fcn, temizlik, sa\u011fl\u0131k ve hijyen konular\u0131nda fark\u0131ndal\u0131k yaratmay\u0131 ama\u00e7lar. Hijyen, bireylerin ve toplumun sa\u011fl\u0131\u011f\u0131n\u0131 korumak i\u00e7in temel bir unsurdur ve enfeksiyon hastal\u0131klar\u0131n\u0131n yay\u0131lmas\u0131n\u0131 \u00f6nlemek, genel sa\u011fl\u0131\u011f\u0131 desteklemek a\u00e7\u0131s\u0131ndan kritiktir.<\/p>\n\n\n\n<p>\u0130\u015f yerlerinde hijyen standartlar\u0131na uymak, toplum sa\u011fl\u0131\u011f\u0131na da \u00f6nemli katk\u0131 sa\u011flamaktad\u0131r. Ayn\u0131 zamanda i\u015fletmelerin sosyal sorumluluklar\u0131n\u0131 yerine getirmelerini destekler. \u015eantiyelerde \u00e7al\u0131\u015fma alan\u0131n\u0131n hijyenini sa\u011flamak, i\u015f\u00e7i sa\u011fl\u0131\u011f\u0131 ve g\u00fcvenli\u011fi a\u00e7\u0131s\u0131ndan kritiktir.<\/p>\n\n\n\n<p>&#8220;I\u015f Saham\u0131zda Hijyene Ne Kadar \u00d6nem Veriyoruz?&#8221; ba\u015fl\u0131\u011f\u0131 alt\u0131nda \u015fantiyelerde \u00e7al\u0131\u015fma alan\u0131n\u0131n hijyenini sa\u011flamak i\u00e7in al\u0131nabilecek \u00f6nlemler \u015funlard\u0131r:<\/p>\n\n\n\n<ul>\n<li><strong>Temizlik ve D\u00fczen<\/strong><\/li>\n<\/ul>\n\n\n\n<p>\u015eantiye alan\u0131nda d\u00fczenli temizlik yap\u0131lmal\u0131d\u0131r. \u0130n\u015faat malzemeleri, at\u0131klar ve di\u011fer potansiyel tehlikeler kontrol alt\u0131nda tutularak \u00e7al\u0131\u015fma ortam\u0131n\u0131n d\u00fczeni sa\u011flanmal\u0131d\u0131r.<\/p>\n\n\n\n<ul>\n<li><strong>Tuvalet ve Lavabo Alanlar\u0131<\/strong><\/li>\n<\/ul>\n\n\n\n<p>\u015eantiyede \u00e7al\u0131\u015fanlar i\u00e7in uygun say\u0131da ve temiz tuvalet ve lavabo alanlar\u0131 sa\u011flanmal\u0131d\u0131r. Bu alanlar d\u00fczenli aral\u0131klarla temizlenmeli ve dezenfekte edilmelidir.<\/p>\n\n\n\n<ul>\n<li><strong>Su Temini<\/strong><\/li>\n<\/ul>\n\n\n\n<p>\u0130\u015f\u00e7ilerin ellerini y\u0131kamalar\u0131 i\u00e7in temiz su temini sa\u011flanmal\u0131d\u0131r. Ellerini d\u00fczenli olarak y\u0131kamak, enfeksiyon riskini azaltabilir.<\/p>\n\n\n\n<ul>\n<li><strong>G\u0131da G\u00fcvenli\u011fi<\/strong><\/li>\n<\/ul>\n\n\n\n<p>\u015eantiyede \u00e7al\u0131\u015fanlara sa\u011fl\u0131kl\u0131 ve g\u00fcvenli beslenme imkan\u0131 sunulmal\u0131d\u0131r. G\u0131dalar\u0131n uygun ko\u015fullarda saklanmas\u0131 ve t\u00fcketilmesi \u00f6nemlidir.<\/p>\n\n\n\n<ul>\n<li><strong>Ki\u015fisel Koruyucu Ekipmanlar<\/strong><\/li>\n<\/ul>\n\n\n\n<p>\u0130\u015f\u00e7ilere ki\u015fisel koruyucu ekipmanlar sa\u011flanmal\u0131d\u0131r. Eldiven, maske, g\u00f6zl\u00fck gibi ekipmanlar, hijyen ve g\u00fcvenlik a\u00e7\u0131s\u0131ndan \u00f6nemlidir.<\/p>\n\n\n\n<ul>\n<li><strong>\u0130\u015f Elbiseleri ve Temizlik<\/strong><\/li>\n<\/ul>\n\n\n\n<p>\u0130\u015f elbiseleri, d\u00fczenli aral\u0131klarla temizlenmeli ve de\u011fi\u015ftirilmelidir. Temiz giysiler, deri hastal\u0131klar\u0131 gibi sa\u011fl\u0131k sorunlar\u0131n\u0131n \u00f6nlenmesine yard\u0131mc\u0131 olabilir.<\/p>\n\n\n\n<ul>\n<li><strong>At\u0131k Y\u00f6netimi<\/strong><\/li>\n<\/ul>\n\n\n\n<p>At\u0131klar uygun bir \u015fekilde y\u00f6netilmelidir. Tehlikeli at\u0131klar ayr\u0131 toplanmal\u0131 ve uygun \u015fekilde imha edilmelidir.<\/p>\n\n\n\n<ul>\n<li><strong>E\u011fitim ve Fark\u0131ndal\u0131k<\/strong><\/li>\n<\/ul>\n\n\n\n<p>\u0130\u015f\u00e7ilere hijyen kurallar\u0131 ve g\u00fcvenlik konusunda d\u00fczenli e\u011fitimler verilmelidir. Fark\u0131ndal\u0131k yaratmak, hijyen standartlar\u0131na uyumu art\u0131rabilir.<\/p>\n\n\n\n<ul>\n<li><strong>Acil Durum Haz\u0131rl\u0131klar\u0131<\/strong><\/li>\n<\/ul>\n\n\n\n<p>Acil durumlar i\u00e7in planlar olu\u015fturulmal\u0131 ve \u00e7al\u0131\u015fanlar bu planlara hakim olmal\u0131d\u0131r. \u0130lk yard\u0131m ekipmanlar\u0131 d\u00fczenli olarak kontrol edilmeli ve bak\u0131m\u0131 yap\u0131lmal\u0131d\u0131r.<\/p>\n\n\n\n<ul>\n<li><strong>Sosyal Mesafe ve Salg\u0131n Hastal\u0131klar \u0130\u00e7in \u00d6nemler<\/strong><\/li>\n<\/ul>\n\n\n\n<p>Salg\u0131n hastal\u0131klardan korunmak i\u00e7in sosyal mesafe kurallar\u0131na uygun \u00e7al\u0131\u015fma d\u00fczenleri olu\u015fturulmal\u0131d\u0131r. Bu \u00f6nlemler, \u015fantiyelerde \u00e7al\u0131\u015fma alan\u0131n\u0131n hijyenini sa\u011flamak i\u00e7in temel ad\u0131mlard\u0131r. Her \u015fantiyenin \u00f6zel ihtiya\u00e7lar\u0131na g\u00f6re hijyen standartlar\u0131 belirlenmeli ve d\u00fczenli olarak g\u00f6zden ge\u00e7irilmelidir.<\/p>\n\n\n\n<p><\/p>\n","protected":false},"excerpt":{"rendered":"<p>D\u00fcnya Hijyen G\u00fcn\u00fc, d\u00fcnya genelinde hijyenin \u00f6nemini vurgulayan bir g\u00fcnd\u00fcr. Bu g\u00fcn, temizlik, sa\u011fl\u0131k ve hijyen konular\u0131nda fark\u0131ndal\u0131k yaratmay\u0131 ama\u00e7lar. Hijyen, bireylerin ve toplumun sa\u011fl\u0131\u011f\u0131n\u0131 korumak i\u00e7in temel bir unsurdur ve enfeksiyon hastal\u0131klar\u0131n\u0131n yay\u0131lmas\u0131n\u0131 \u00f6nlemek, genel sa\u011fl\u0131\u011f\u0131 desteklemek a\u00e7\u0131s\u0131ndan kritiktir. \u0130\u015f yerlerinde hijyen standartlar\u0131na uymak, toplum sa\u011fl\u0131\u011f\u0131na da \u00f6nemli katk\u0131 sa\u011flamaktad\u0131r. Ayn\u0131 zamanda i\u015fletmelerin sosyal<\/p>\n","protected":false},"author":9,"featured_media":4558,"comment_status":"open","ping_status":"open","sticky":false,"template":"","format":"standard","meta":{"footnotes":""},"categories":[263],"tags":[124,260,259,261,106],"yoast_head":"<!-- This site is optimized with the Yoast SEO plugin v21.3 - https:\/\/yoast.com\/wordpress\/plugins\/seo\/ -->\n<title>16 Ocak D\u00fcnya Hijyen G\u00fcn\u00fcnde, \u00c7al\u0131\u015fma Sahalar\u0131m\u0131zda Hijyenin \u00d6nemi! - ytrent.com Blog<\/title>\n<meta name=\"description\" content=\"\u0130\u015f Sa\u011fl\u0131\u011f\u0131 ve G\u00fcvenli\u011fi \u00d6nceli\u011fimiz! \u015eantiyemizde temizlik, d\u00fczen ve hijyen standartlar\u0131na uyarak \u00e7al\u0131\u015fanlar\u0131m\u0131z\u0131n sa\u011fl\u0131\u011f\u0131n\u0131 koruyoruz. Tuvalet ve lavabo alanlar\u0131ndan, ki\u015fisel koruyucu ekipmanlara kadar her detayda titizlikle \u00f6nlemler al\u0131yoruz. \u0130\u015f\u00e7i sa\u011fl\u0131\u011f\u0131 ve g\u00fcvenli\u011fi bizim i\u00e7in \u00f6nceliklidir.\" \/>\n<meta name=\"robots\" content=\"index, follow, max-snippet:-1, max-image-preview:large, max-video-preview:-1\" \/>\n<link rel=\"canonical\" href=\"https:\/\/www.ytrent.com\/blog\/16-ocak-dunya-hijyen-gununde-calisma-sahalarimizda-hijyenin-onemi\/\" \/>\n<meta property=\"og:locale\" content=\"tr_TR\" \/>\n<meta property=\"og:type\" content=\"article\" \/>\n<meta property=\"og:title\" content=\"16 Ocak D\u00fcnya Hijyen G\u00fcn\u00fcnde, \u00c7al\u0131\u015fma Sahalar\u0131m\u0131zda Hijyenin \u00d6nemi! - ytrent.com Blog\" \/>\n<meta property=\"og:description\" content=\"\u0130\u015f Sa\u011fl\u0131\u011f\u0131 ve G\u00fcvenli\u011fi \u00d6nceli\u011fimiz! \u015eantiyemizde temizlik, d\u00fczen ve hijyen standartlar\u0131na uyarak \u00e7al\u0131\u015fanlar\u0131m\u0131z\u0131n sa\u011fl\u0131\u011f\u0131n\u0131 koruyoruz. Tuvalet ve lavabo alanlar\u0131ndan, ki\u015fisel koruyucu ekipmanlara kadar her detayda titizlikle \u00f6nlemler al\u0131yoruz. \u0130\u015f\u00e7i sa\u011fl\u0131\u011f\u0131 ve g\u00fcvenli\u011fi bizim i\u00e7in \u00f6nceliklidir.\" \/>\n<meta property=\"og:url\" content=\"https:\/\/www.ytrent.com\/blog\/16-ocak-dunya-hijyen-gununde-calisma-sahalarimizda-hijyenin-onemi\/\" \/>\n<meta property=\"og:site_name\" content=\"ytrent.com Blog\" \/>\n<meta property=\"article:published_time\" content=\"2024-01-16T13:50:20+00:00\" \/>\n<meta property=\"article:modified_time\" content=\"2024-05-01T08:19:49+00:00\" \/>\n<meta property=\"og:image\" content=\"https:\/\/www.ytrent.com\/blog\/wp-content\/uploads\/2024\/01\/Dunya-Hijyen-Gunu-v1-min.jpg\" \/>\n\t<meta property=\"og:image:width\" content=\"942\" \/>\n\t<meta property=\"og:image:height\" content=\"905\" \/>\n\t<meta property=\"og:image:type\" content=\"image\/jpeg\" \/>\n<meta name=\"author\" content=\"YTRENT\" \/>\n<meta name=\"twitter:card\" content=\"summary_large_image\" \/>\n<meta name=\"twitter:label1\" content=\"Yazan:\" \/>\n\t<meta name=\"twitter:data1\" content=\"YTRENT\" \/>\n\t<meta name=\"twitter:label2\" content=\"Tahmini okuma s\u00fcresi\" \/>\n\t<meta name=\"twitter:data2\" content=\"2 dakika\" \/>\n<script type=\"application\/ld+json\" class=\"yoast-schema-graph\">{\"@context\":\"https:\/\/schema.org\",\"@graph\":[{\"@type\":\"WebPage\",\"@id\":\"https:\/\/www.ytrent.com\/blog\/16-ocak-dunya-hijyen-gununde-calisma-sahalarimizda-hijyenin-onemi\/\",\"url\":\"https:\/\/www.ytrent.com\/blog\/16-ocak-dunya-hijyen-gununde-calisma-sahalarimizda-hijyenin-onemi\/\",\"name\":\"16 Ocak D\u00fcnya Hijyen G\u00fcn\u00fcnde, \u00c7al\u0131\u015fma Sahalar\u0131m\u0131zda Hijyenin \u00d6nemi! - ytrent.com Blog\",\"isPartOf\":{\"@id\":\"https:\/\/www.ytrent.com\/blog\/#website\"},\"datePublished\":\"2024-01-16T13:50:20+00:00\",\"dateModified\":\"2024-05-01T08:19:49+00:00\",\"author\":{\"@id\":\"https:\/\/www.ytrent.com\/blog\/#\/schema\/person\/c3aa585467611f906c8ec4e436674c91\"},\"description\":\"\u0130\u015f Sa\u011fl\u0131\u011f\u0131 ve G\u00fcvenli\u011fi \u00d6nceli\u011fimiz! \u015eantiyemizde temizlik, d\u00fczen ve hijyen standartlar\u0131na uyarak \u00e7al\u0131\u015fanlar\u0131m\u0131z\u0131n sa\u011fl\u0131\u011f\u0131n\u0131 koruyoruz. Tuvalet ve lavabo alanlar\u0131ndan, ki\u015fisel koruyucu ekipmanlara kadar her detayda titizlikle \u00f6nlemler al\u0131yoruz. \u0130\u015f\u00e7i sa\u011fl\u0131\u011f\u0131 ve g\u00fcvenli\u011fi bizim i\u00e7in \u00f6nceliklidir.\",\"breadcrumb\":{\"@id\":\"https:\/\/www.ytrent.com\/blog\/16-ocak-dunya-hijyen-gununde-calisma-sahalarimizda-hijyenin-onemi\/#breadcrumb\"},\"inLanguage\":\"tr\",\"potentialAction\":[{\"@type\":\"ReadAction\",\"target\":[\"https:\/\/www.ytrent.com\/blog\/16-ocak-dunya-hijyen-gununde-calisma-sahalarimizda-hijyenin-onemi\/\"]}]},{\"@type\":\"BreadcrumbList\",\"@id\":\"https:\/\/www.ytrent.com\/blog\/16-ocak-dunya-hijyen-gununde-calisma-sahalarimizda-hijyenin-onemi\/#breadcrumb\",\"itemListElement\":[{\"@type\":\"ListItem\",\"position\":1,\"name\":\"Ana sayfa\",\"item\":\"https:\/\/www.ytrent.com\/blog\/\"},{\"@type\":\"ListItem\",\"position\":2,\"name\":\"16 Ocak D\u00fcnya Hijyen G\u00fcn\u00fcnde, \u00c7al\u0131\u015fma Sahalar\u0131m\u0131zda Hijyenin \u00d6nemi!\"}]},{\"@type\":\"WebSite\",\"@id\":\"https:\/\/www.ytrent.com\/blog\/#website\",\"url\":\"https:\/\/www.ytrent.com\/blog\/\",\"name\":\"makinagetir.com Blog\",\"description\":\"H\u0131zl\u0131, Kolay ve G\u00fcvenilir\",\"potentialAction\":[{\"@type\":\"SearchAction\",\"target\":{\"@type\":\"EntryPoint\",\"urlTemplate\":\"https:\/\/www.ytrent.com\/blog\/?s={search_term_string}\"},\"query-input\":\"required name=search_term_string\"}],\"inLanguage\":\"tr\"},{\"@type\":\"Person\",\"@id\":\"https:\/\/www.ytrent.com\/blog\/#\/schema\/person\/c3aa585467611f906c8ec4e436674c91\",\"name\":\"YTRENT\",\"image\":{\"@type\":\"ImageObject\",\"inLanguage\":\"tr\",\"@id\":\"https:\/\/www.ytrent.com\/blog\/#\/schema\/person\/image\/\",\"url\":\"https:\/\/secure.gravatar.com\/avatar\/3b9b6b6503b8ad2a780343e695ad2968?s=96&d=mm&r=g\",\"contentUrl\":\"https:\/\/secure.gravatar.com\/avatar\/3b9b6b6503b8ad2a780343e695ad2968?s=96&d=mm&r=g\",\"caption\":\"YTRENT\"},\"url\":\"https:\/\/www.ytrent.com\/blog\/author\/mccroipublic-com\/\"}]}<\/script>\n<!-- \/ Yoast SEO plugin. -->","yoast_head_json":{"title":"16 Ocak D\u00fcnya Hijyen G\u00fcn\u00fcnde, \u00c7al\u0131\u015fma Sahalar\u0131m\u0131zda Hijyenin \u00d6nemi! - ytrent.com Blog","description":"\u0130\u015f Sa\u011fl\u0131\u011f\u0131 ve G\u00fcvenli\u011fi \u00d6nceli\u011fimiz! \u015eantiyemizde temizlik, d\u00fczen ve hijyen standartlar\u0131na uyarak \u00e7al\u0131\u015fanlar\u0131m\u0131z\u0131n sa\u011fl\u0131\u011f\u0131n\u0131 koruyoruz. Tuvalet ve lavabo alanlar\u0131ndan, ki\u015fisel koruyucu ekipmanlara kadar her detayda titizlikle \u00f6nlemler al\u0131yoruz. \u0130\u015f\u00e7i sa\u011fl\u0131\u011f\u0131 ve g\u00fcvenli\u011fi bizim i\u00e7in \u00f6nceliklidir.","robots":{"index":"index","follow":"follow","max-snippet":"max-snippet:-1","max-image-preview":"max-image-preview:large","max-video-preview":"max-video-preview:-1"},"canonical":"https:\/\/www.ytrent.com\/blog\/16-ocak-dunya-hijyen-gununde-calisma-sahalarimizda-hijyenin-onemi\/","og_locale":"tr_TR","og_type":"article","og_title":"16 Ocak D\u00fcnya Hijyen G\u00fcn\u00fcnde, \u00c7al\u0131\u015fma Sahalar\u0131m\u0131zda Hijyenin \u00d6nemi! - ytrent.com Blog","og_description":"\u0130\u015f Sa\u011fl\u0131\u011f\u0131 ve G\u00fcvenli\u011fi \u00d6nceli\u011fimiz! \u015eantiyemizde temizlik, d\u00fczen ve hijyen standartlar\u0131na uyarak \u00e7al\u0131\u015fanlar\u0131m\u0131z\u0131n sa\u011fl\u0131\u011f\u0131n\u0131 koruyoruz. Tuvalet ve lavabo alanlar\u0131ndan, ki\u015fisel koruyucu ekipmanlara kadar her detayda titizlikle \u00f6nlemler al\u0131yoruz. \u0130\u015f\u00e7i sa\u011fl\u0131\u011f\u0131 ve g\u00fcvenli\u011fi bizim i\u00e7in \u00f6nceliklidir.","og_url":"https:\/\/www.ytrent.com\/blog\/16-ocak-dunya-hijyen-gununde-calisma-sahalarimizda-hijyenin-onemi\/","og_site_name":"ytrent.com Blog","article_published_time":"2024-01-16T13:50:20+00:00","article_modified_time":"2024-05-01T08:19:49+00:00","og_image":[{"width":942,"height":905,"url":"https:\/\/www.ytrent.com\/blog\/wp-content\/uploads\/2024\/01\/Dunya-Hijyen-Gunu-v1-min.jpg","type":"image\/jpeg"}],"author":"YTRENT","twitter_card":"summary_large_image","twitter_misc":{"Yazan:":"YTRENT","Tahmini okuma s\u00fcresi":"2 dakika"},"schema":{"@context":"https:\/\/schema.org","@graph":[{"@type":"WebPage","@id":"https:\/\/www.ytrent.com\/blog\/16-ocak-dunya-hijyen-gununde-calisma-sahalarimizda-hijyenin-onemi\/","url":"https:\/\/www.ytrent.com\/blog\/16-ocak-dunya-hijyen-gununde-calisma-sahalarimizda-hijyenin-onemi\/","name":"16 Ocak D\u00fcnya Hijyen G\u00fcn\u00fcnde, \u00c7al\u0131\u015fma Sahalar\u0131m\u0131zda Hijyenin \u00d6nemi! - ytrent.com Blog","isPartOf":{"@id":"https:\/\/www.ytrent.com\/blog\/#website"},"datePublished":"2024-01-16T13:50:20+00:00","dateModified":"2024-05-01T08:19:49+00:00","author":{"@id":"https:\/\/www.ytrent.com\/blog\/#\/schema\/person\/c3aa585467611f906c8ec4e436674c91"},"description":"\u0130\u015f Sa\u011fl\u0131\u011f\u0131 ve G\u00fcvenli\u011fi \u00d6nceli\u011fimiz! \u015eantiyemizde temizlik, d\u00fczen ve hijyen standartlar\u0131na uyarak \u00e7al\u0131\u015fanlar\u0131m\u0131z\u0131n sa\u011fl\u0131\u011f\u0131n\u0131 koruyoruz. Tuvalet ve lavabo alanlar\u0131ndan, ki\u015fisel koruyucu ekipmanlara kadar her detayda titizlikle \u00f6nlemler al\u0131yoruz. \u0130\u015f\u00e7i sa\u011fl\u0131\u011f\u0131 ve g\u00fcvenli\u011fi bizim i\u00e7in \u00f6nceliklidir.","breadcrumb":{"@id":"https:\/\/www.ytrent.com\/blog\/16-ocak-dunya-hijyen-gununde-calisma-sahalarimizda-hijyenin-onemi\/#breadcrumb"},"inLanguage":"tr","potentialAction":[{"@type":"ReadAction","target":["https:\/\/www.ytrent.com\/blog\/16-ocak-dunya-hijyen-gununde-calisma-sahalarimizda-hijyenin-onemi\/"]}]},{"@type":"BreadcrumbList","@id":"https:\/\/www.ytrent.com\/blog\/16-ocak-dunya-hijyen-gununde-calisma-sahalarimizda-hijyenin-onemi\/#breadcrumb","itemListElement":[{"@type":"ListItem","position":1,"name":"Ana sayfa","item":"https:\/\/www.ytrent.com\/blog\/"},{"@type":"ListItem","position":2,"name":"16 Ocak D\u00fcnya Hijyen G\u00fcn\u00fcnde, \u00c7al\u0131\u015fma Sahalar\u0131m\u0131zda Hijyenin \u00d6nemi!"}]},{"@type":"WebSite","@id":"https:\/\/www.ytrent.com\/blog\/#website","url":"https:\/\/www.ytrent.com\/blog\/","name":"makinagetir.com Blog","description":"H\u0131zl\u0131, Kolay ve G\u00fcvenilir","potentialAction":[{"@type":"SearchAction","target":{"@type":"EntryPoint","urlTemplate":"https:\/\/www.ytrent.com\/blog\/?s={search_term_string}"},"query-input":"required name=search_term_string"}],"inLanguage":"tr"},{"@type":"Person","@id":"https:\/\/www.ytrent.com\/blog\/#\/schema\/person\/c3aa585467611f906c8ec4e436674c91","name":"YTRENT","image":{"@type":"ImageObject","inLanguage":"tr","@id":"https:\/\/www.ytrent.com\/blog\/#\/schema\/person\/image\/","url":"https:\/\/secure.gravatar.com\/avatar\/3b9b6b6503b8ad2a780343e695ad2968?s=96&d=mm&r=g","contentUrl":"https:\/\/secure.gravatar.com\/avatar\/3b9b6b6503b8ad2a780343e695ad2968?s=96&d=mm&r=g","caption":"YTRENT"},"url":"https:\/\/www.ytrent.com\/blog\/author\/mccroipublic-com\/"}]}},"_links":{"self":[{"href":"https:\/\/www.ytrent.com\/blog\/wp-json\/wp\/v2\/posts\/4553"}],"collection":[{"href":"https:\/\/www.ytrent.com\/blog\/wp-json\/wp\/v2\/posts"}],"about":[{"href":"https:\/\/www.ytrent.com\/blog\/wp-json\/wp\/v2\/types\/post"}],"author":[{"embeddable":true,"href":"https:\/\/www.ytrent.com\/blog\/wp-json\/wp\/v2\/users\/9"}],"replies":[{"embeddable":true,"href":"https:\/\/www.ytrent.com\/blog\/wp-json\/wp\/v2\/comments?post=4553"}],"version-history":[{"count":5,"href":"https:\/\/www.ytrent.com\/blog\/wp-json\/wp\/v2\/posts\/4553\/revisions"}],"predecessor-version":[{"id":4560,"href":"https:\/\/www.ytrent.com\/blog\/wp-json\/wp\/v2\/posts\/4553\/revisions\/4560"}],"wp:featuredmedia":[{"embeddable":true,"href":"https:\/\/www.ytrent.com\/blog\/wp-json\/wp\/v2\/media\/4558"}],"wp:attachment":[{"href":"https:\/\/www.ytrent.com\/blog\/wp-json\/wp\/v2\/media?parent=4553"}],"wp:term":[{"taxonomy":"category","embeddable":true,"href":"https:\/\/www.ytrent.com\/blog\/wp-json\/wp\/v2\/categories?post=4553"},{"taxonomy":"post_tag","embeddable":true,"href":"https:\/\/www.ytrent.com\/blog\/wp-json\/wp\/v2\/tags?post=4553"}],"curies":[{"name":"wp","href":"https:\/\/api.w.org\/{rel}","templated":true}]}}