{"id":4988,"date":"2024-05-01T11:18:11","date_gmt":"2024-05-01T08:18:11","guid":{"rendered":"https:\/\/www.ytrent.com\/blog\/?p=4988"},"modified":"2024-07-09T11:54:58","modified_gmt":"2024-07-09T08:54:58","slug":"1-mayis-emek-ve-dayanisma-gunu","status":"publish","type":"post","link":"https:\/\/www.ytrent.com\/blog\/1-mayis-emek-ve-dayanisma-gunu\/","title":{"rendered":"1 May\u0131s: \u0130\u015f\u00e7i ve Emek\u00e7ilerin Bayram\u0131 &#8220;Birlik, Dayan\u0131\u015fma ve \u0130\u015f\u00e7i Haklar\u0131&#8221;"},"content":{"rendered":"\n<p>Bug\u00fcn, t\u00fcm d\u00fcnyada i\u015f\u00e7i ve emek\u00e7ilerin birlik, m\u00fccadele ve dayan\u0131\u015fma g\u00fcn\u00fc olan 1 May\u0131s&#8217;\u0131 kutluyoruz. Bu anlaml\u0131 g\u00fcnde; \u00e7al\u0131\u015fan haklar\u0131, adil \u00e7al\u0131\u015fma ko\u015fullar\u0131n\u0131n olu\u015fturulmas\u0131 ve i\u015f g\u00fcvenli\u011fi gibi konulara odaklan\u0131lmaktad\u0131r.<\/p>\n\n\n\n<p><strong><a href=\"https:\/\/www.ytrent.com\/\">YTRENT<\/a> <\/strong>olarak, i\u015f\u00e7ilerin \u00e7al\u0131\u015fma ortamlar\u0131n\u0131 iyile\u015ftirmek ve g\u00fcvenli bir \u00e7al\u0131\u015fma ortam\u0131 sa\u011flamak i\u00e7in kararl\u0131 bir \u015fekilde \u00e7al\u0131\u015f\u0131yoruz. Her projede g\u00fcvenli ve kaliteli i\u015f makinesi se\u00e7enekleri sunarak \u00e7\u00f6z\u00fcm orta\u011f\u0131 olman\u0131n yan\u0131 s\u0131ra, i\u015f sa\u011fl\u0131\u011f\u0131 ve g\u00fcvenli\u011fi e\u011fitimleri kapsam\u0131nda da OSGB\/\u0130SG gibi \u00e7e\u015fitli ek hizmetler sunuyoruz. <\/p>\n\n\n\n<p>Bu \u00f6zel g\u00fcn vesilesiyle, i\u015f sa\u011fl\u0131\u011f\u0131 ve g\u00fcvenli\u011fi konular\u0131nda daha fazla fark\u0131ndal\u0131k yaratmay\u0131 ve birlikte daha g\u00fcvenli bir \u00e7al\u0131\u015fma ortam\u0131 olu\u015fturmay\u0131 taahh\u00fct ediyoruz.<\/p>\n\n\n\n<p><strong>1 May\u0131s Emek ve Dayan\u0131\u015fma G\u00fcn\u00fc kutlu olsun!<\/strong><strong><\/strong><\/p>\n\n\n\n<p><\/p>\n","protected":false},"excerpt":{"rendered":"<p>Bug\u00fcn, t\u00fcm d\u00fcnyada i\u015f\u00e7i ve emek\u00e7ilerin birlik, m\u00fccadele ve dayan\u0131\u015fma g\u00fcn\u00fc olan 1 May\u0131s&#8217;\u0131 kutluyoruz. Bu anlaml\u0131 g\u00fcnde; \u00e7al\u0131\u015fan haklar\u0131, adil \u00e7al\u0131\u015fma ko\u015fullar\u0131n\u0131n olu\u015fturulmas\u0131 ve i\u015f g\u00fcvenli\u011fi gibi konulara odaklan\u0131lmaktad\u0131r. YTRENT olarak, i\u015f\u00e7ilerin \u00e7al\u0131\u015fma ortamlar\u0131n\u0131 iyile\u015ftirmek ve g\u00fcvenli bir \u00e7al\u0131\u015fma ortam\u0131 sa\u011flamak i\u00e7in kararl\u0131 bir \u015fekilde \u00e7al\u0131\u015f\u0131yoruz. Her projede g\u00fcvenli ve kaliteli i\u015f makinesi se\u00e7enekleri<\/p>\n","protected":false},"author":9,"featured_media":4989,"comment_status":"open","ping_status":"open","sticky":false,"template":"","format":"standard","meta":{"footnotes":""},"categories":[110],"tags":[296,298,300,299,297,106],"yoast_head":"<!-- This site is optimized with the Yoast SEO plugin v21.3 - https:\/\/yoast.com\/wordpress\/plugins\/seo\/ -->\n<title>1 May\u0131s: \u0130\u015f\u00e7i ve Emek\u00e7ilerin Bayram\u0131 &quot;Birlik, Dayan\u0131\u015fma ve \u0130\u015f\u00e7i Haklar\u0131&quot; - ytrent.com Blog<\/title>\n<meta name=\"description\" content=\"1 May\u0131s, d\u00fcnya genelinde i\u015f\u00e7i s\u0131n\u0131f\u0131n\u0131n haklar\u0131n\u0131 ve m\u00fccadelesini kutlad\u0131\u011f\u0131m\u0131z \u00f6zel bir g\u00fcnd\u00fcr. Emek ve Dayan\u0131\u015fma g\u00fcn\u00fcnde bir araya gelerek, etkinliklerle ve kutlamalarla emek\u00e7ilerin sesini duyuruyoruz!\" \/>\n<meta name=\"robots\" content=\"index, follow, max-snippet:-1, max-image-preview:large, max-video-preview:-1\" \/>\n<link rel=\"canonical\" href=\"https:\/\/www.ytrent.com\/blog\/1-mayis-emek-ve-dayanisma-gunu\/\" \/>\n<meta property=\"og:locale\" content=\"tr_TR\" \/>\n<meta property=\"og:type\" content=\"article\" \/>\n<meta property=\"og:title\" content=\"1 May\u0131s: \u0130\u015f\u00e7i ve Emek\u00e7ilerin Bayram\u0131 &quot;Birlik, Dayan\u0131\u015fma ve \u0130\u015f\u00e7i Haklar\u0131&quot; - ytrent.com Blog\" \/>\n<meta property=\"og:description\" content=\"1 May\u0131s, d\u00fcnya genelinde i\u015f\u00e7i s\u0131n\u0131f\u0131n\u0131n haklar\u0131n\u0131 ve m\u00fccadelesini kutlad\u0131\u011f\u0131m\u0131z \u00f6zel bir g\u00fcnd\u00fcr. Emek ve Dayan\u0131\u015fma g\u00fcn\u00fcnde bir araya gelerek, etkinliklerle ve kutlamalarla emek\u00e7ilerin sesini duyuruyoruz!\" \/>\n<meta property=\"og:url\" content=\"https:\/\/www.ytrent.com\/blog\/1-mayis-emek-ve-dayanisma-gunu\/\" \/>\n<meta property=\"og:site_name\" content=\"ytrent.com Blog\" \/>\n<meta property=\"article:published_time\" content=\"2024-05-01T08:18:11+00:00\" \/>\n<meta property=\"article:modified_time\" content=\"2024-07-09T08:54:58+00:00\" \/>\n<meta property=\"og:image\" content=\"https:\/\/www.ytrent.com\/blog\/wp-content\/uploads\/2024\/05\/1-mayis-ozel.png\" \/>\n\t<meta property=\"og:image:width\" content=\"1200\" \/>\n\t<meta property=\"og:image:height\" content=\"900\" \/>\n\t<meta property=\"og:image:type\" content=\"image\/png\" \/>\n<meta name=\"author\" content=\"YTRENT\" \/>\n<meta name=\"twitter:card\" content=\"summary_large_image\" \/>\n<meta name=\"twitter:label1\" content=\"Yazan:\" \/>\n\t<meta name=\"twitter:data1\" content=\"YTRENT\" \/>\n\t<meta name=\"twitter:label2\" content=\"Tahmini okuma s\u00fcresi\" \/>\n\t<meta name=\"twitter:data2\" content=\"1 dakika\" \/>\n<script type=\"application\/ld+json\" class=\"yoast-schema-graph\">{\"@context\":\"https:\/\/schema.org\",\"@graph\":[{\"@type\":\"WebPage\",\"@id\":\"https:\/\/www.ytrent.com\/blog\/1-mayis-emek-ve-dayanisma-gunu\/\",\"url\":\"https:\/\/www.ytrent.com\/blog\/1-mayis-emek-ve-dayanisma-gunu\/\",\"name\":\"1 May\u0131s: \u0130\u015f\u00e7i ve Emek\u00e7ilerin Bayram\u0131 \\\"Birlik, Dayan\u0131\u015fma ve \u0130\u015f\u00e7i Haklar\u0131\\\" - ytrent.com Blog\",\"isPartOf\":{\"@id\":\"https:\/\/www.ytrent.com\/blog\/#website\"},\"datePublished\":\"2024-05-01T08:18:11+00:00\",\"dateModified\":\"2024-07-09T08:54:58+00:00\",\"author\":{\"@id\":\"https:\/\/www.ytrent.com\/blog\/#\/schema\/person\/c3aa585467611f906c8ec4e436674c91\"},\"description\":\"1 May\u0131s, d\u00fcnya genelinde i\u015f\u00e7i s\u0131n\u0131f\u0131n\u0131n haklar\u0131n\u0131 ve m\u00fccadelesini kutlad\u0131\u011f\u0131m\u0131z \u00f6zel bir g\u00fcnd\u00fcr. Emek ve Dayan\u0131\u015fma g\u00fcn\u00fcnde bir araya gelerek, etkinliklerle ve kutlamalarla emek\u00e7ilerin sesini duyuruyoruz!\",\"breadcrumb\":{\"@id\":\"https:\/\/www.ytrent.com\/blog\/1-mayis-emek-ve-dayanisma-gunu\/#breadcrumb\"},\"inLanguage\":\"tr\",\"potentialAction\":[{\"@type\":\"ReadAction\",\"target\":[\"https:\/\/www.ytrent.com\/blog\/1-mayis-emek-ve-dayanisma-gunu\/\"]}]},{\"@type\":\"BreadcrumbList\",\"@id\":\"https:\/\/www.ytrent.com\/blog\/1-mayis-emek-ve-dayanisma-gunu\/#breadcrumb\",\"itemListElement\":[{\"@type\":\"ListItem\",\"position\":1,\"name\":\"Ana sayfa\",\"item\":\"https:\/\/www.ytrent.com\/blog\/\"},{\"@type\":\"ListItem\",\"position\":2,\"name\":\"1 May\u0131s: \u0130\u015f\u00e7i ve Emek\u00e7ilerin Bayram\u0131 &#8220;Birlik, Dayan\u0131\u015fma ve \u0130\u015f\u00e7i Haklar\u0131&#8221;\"}]},{\"@type\":\"WebSite\",\"@id\":\"https:\/\/www.ytrent.com\/blog\/#website\",\"url\":\"https:\/\/www.ytrent.com\/blog\/\",\"name\":\"makinagetir.com Blog\",\"description\":\"H\u0131zl\u0131, Kolay ve G\u00fcvenilir\",\"potentialAction\":[{\"@type\":\"SearchAction\",\"target\":{\"@type\":\"EntryPoint\",\"urlTemplate\":\"https:\/\/www.ytrent.com\/blog\/?s={search_term_string}\"},\"query-input\":\"required name=search_term_string\"}],\"inLanguage\":\"tr\"},{\"@type\":\"Person\",\"@id\":\"https:\/\/www.ytrent.com\/blog\/#\/schema\/person\/c3aa585467611f906c8ec4e436674c91\",\"name\":\"YTRENT\",\"image\":{\"@type\":\"ImageObject\",\"inLanguage\":\"tr\",\"@id\":\"https:\/\/www.ytrent.com\/blog\/#\/schema\/person\/image\/\",\"url\":\"https:\/\/secure.gravatar.com\/avatar\/3b9b6b6503b8ad2a780343e695ad2968?s=96&d=mm&r=g\",\"contentUrl\":\"https:\/\/secure.gravatar.com\/avatar\/3b9b6b6503b8ad2a780343e695ad2968?s=96&d=mm&r=g\",\"caption\":\"YTRENT\"},\"url\":\"https:\/\/www.ytrent.com\/blog\/author\/mccroipublic-com\/\"}]}<\/script>\n<!-- \/ Yoast SEO plugin. -->","yoast_head_json":{"title":"1 May\u0131s: \u0130\u015f\u00e7i ve Emek\u00e7ilerin Bayram\u0131 \"Birlik, Dayan\u0131\u015fma ve \u0130\u015f\u00e7i Haklar\u0131\" - ytrent.com Blog","description":"1 May\u0131s, d\u00fcnya genelinde i\u015f\u00e7i s\u0131n\u0131f\u0131n\u0131n haklar\u0131n\u0131 ve m\u00fccadelesini kutlad\u0131\u011f\u0131m\u0131z \u00f6zel bir g\u00fcnd\u00fcr. Emek ve Dayan\u0131\u015fma g\u00fcn\u00fcnde bir araya gelerek, etkinliklerle ve kutlamalarla emek\u00e7ilerin sesini duyuruyoruz!","robots":{"index":"index","follow":"follow","max-snippet":"max-snippet:-1","max-image-preview":"max-image-preview:large","max-video-preview":"max-video-preview:-1"},"canonical":"https:\/\/www.ytrent.com\/blog\/1-mayis-emek-ve-dayanisma-gunu\/","og_locale":"tr_TR","og_type":"article","og_title":"1 May\u0131s: \u0130\u015f\u00e7i ve Emek\u00e7ilerin Bayram\u0131 \"Birlik, Dayan\u0131\u015fma ve \u0130\u015f\u00e7i Haklar\u0131\" - ytrent.com Blog","og_description":"1 May\u0131s, d\u00fcnya genelinde i\u015f\u00e7i s\u0131n\u0131f\u0131n\u0131n haklar\u0131n\u0131 ve m\u00fccadelesini kutlad\u0131\u011f\u0131m\u0131z \u00f6zel bir g\u00fcnd\u00fcr. Emek ve Dayan\u0131\u015fma g\u00fcn\u00fcnde bir araya gelerek, etkinliklerle ve kutlamalarla emek\u00e7ilerin sesini duyuruyoruz!","og_url":"https:\/\/www.ytrent.com\/blog\/1-mayis-emek-ve-dayanisma-gunu\/","og_site_name":"ytrent.com Blog","article_published_time":"2024-05-01T08:18:11+00:00","article_modified_time":"2024-07-09T08:54:58+00:00","og_image":[{"width":1200,"height":900,"url":"https:\/\/www.ytrent.com\/blog\/wp-content\/uploads\/2024\/05\/1-mayis-ozel.png","type":"image\/png"}],"author":"YTRENT","twitter_card":"summary_large_image","twitter_misc":{"Yazan:":"YTRENT","Tahmini okuma s\u00fcresi":"1 dakika"},"schema":{"@context":"https:\/\/schema.org","@graph":[{"@type":"WebPage","@id":"https:\/\/www.ytrent.com\/blog\/1-mayis-emek-ve-dayanisma-gunu\/","url":"https:\/\/www.ytrent.com\/blog\/1-mayis-emek-ve-dayanisma-gunu\/","name":"1 May\u0131s: \u0130\u015f\u00e7i ve Emek\u00e7ilerin Bayram\u0131 \"Birlik, Dayan\u0131\u015fma ve \u0130\u015f\u00e7i Haklar\u0131\" - ytrent.com Blog","isPartOf":{"@id":"https:\/\/www.ytrent.com\/blog\/#website"},"datePublished":"2024-05-01T08:18:11+00:00","dateModified":"2024-07-09T08:54:58+00:00","author":{"@id":"https:\/\/www.ytrent.com\/blog\/#\/schema\/person\/c3aa585467611f906c8ec4e436674c91"},"description":"1 May\u0131s, d\u00fcnya genelinde i\u015f\u00e7i s\u0131n\u0131f\u0131n\u0131n haklar\u0131n\u0131 ve m\u00fccadelesini kutlad\u0131\u011f\u0131m\u0131z \u00f6zel bir g\u00fcnd\u00fcr. Emek ve Dayan\u0131\u015fma g\u00fcn\u00fcnde bir araya gelerek, etkinliklerle ve kutlamalarla emek\u00e7ilerin sesini duyuruyoruz!","breadcrumb":{"@id":"https:\/\/www.ytrent.com\/blog\/1-mayis-emek-ve-dayanisma-gunu\/#breadcrumb"},"inLanguage":"tr","potentialAction":[{"@type":"ReadAction","target":["https:\/\/www.ytrent.com\/blog\/1-mayis-emek-ve-dayanisma-gunu\/"]}]},{"@type":"BreadcrumbList","@id":"https:\/\/www.ytrent.com\/blog\/1-mayis-emek-ve-dayanisma-gunu\/#breadcrumb","itemListElement":[{"@type":"ListItem","position":1,"name":"Ana sayfa","item":"https:\/\/www.ytrent.com\/blog\/"},{"@type":"ListItem","position":2,"name":"1 May\u0131s: \u0130\u015f\u00e7i ve Emek\u00e7ilerin Bayram\u0131 &#8220;Birlik, Dayan\u0131\u015fma ve \u0130\u015f\u00e7i Haklar\u0131&#8221;"}]},{"@type":"WebSite","@id":"https:\/\/www.ytrent.com\/blog\/#website","url":"https:\/\/www.ytrent.com\/blog\/","name":"makinagetir.com Blog","description":"H\u0131zl\u0131, Kolay ve G\u00fcvenilir","potentialAction":[{"@type":"SearchAction","target":{"@type":"EntryPoint","urlTemplate":"https:\/\/www.ytrent.com\/blog\/?s={search_term_string}"},"query-input":"required name=search_term_string"}],"inLanguage":"tr"},{"@type":"Person","@id":"https:\/\/www.ytrent.com\/blog\/#\/schema\/person\/c3aa585467611f906c8ec4e436674c91","name":"YTRENT","image":{"@type":"ImageObject","inLanguage":"tr","@id":"https:\/\/www.ytrent.com\/blog\/#\/schema\/person\/image\/","url":"https:\/\/secure.gravatar.com\/avatar\/3b9b6b6503b8ad2a780343e695ad2968?s=96&d=mm&r=g","contentUrl":"https:\/\/secure.gravatar.com\/avatar\/3b9b6b6503b8ad2a780343e695ad2968?s=96&d=mm&r=g","caption":"YTRENT"},"url":"https:\/\/www.ytrent.com\/blog\/author\/mccroipublic-com\/"}]}},"_links":{"self":[{"href":"https:\/\/www.ytrent.com\/blog\/wp-json\/wp\/v2\/posts\/4988"}],"collection":[{"href":"https:\/\/www.ytrent.com\/blog\/wp-json\/wp\/v2\/posts"}],"about":[{"href":"https:\/\/www.ytrent.com\/blog\/wp-json\/wp\/v2\/types\/post"}],"author":[{"embeddable":true,"href":"https:\/\/www.ytrent.com\/blog\/wp-json\/wp\/v2\/users\/9"}],"replies":[{"embeddable":true,"href":"https:\/\/www.ytrent.com\/blog\/wp-json\/wp\/v2\/comments?post=4988"}],"version-history":[{"count":3,"href":"https:\/\/www.ytrent.com\/blog\/wp-json\/wp\/v2\/posts\/4988\/revisions"}],"predecessor-version":[{"id":4999,"href":"https:\/\/www.ytrent.com\/blog\/wp-json\/wp\/v2\/posts\/4988\/revisions\/4999"}],"wp:featuredmedia":[{"embeddable":true,"href":"https:\/\/www.ytrent.com\/blog\/wp-json\/wp\/v2\/media\/4989"}],"wp:attachment":[{"href":"https:\/\/www.ytrent.com\/blog\/wp-json\/wp\/v2\/media?parent=4988"}],"wp:term":[{"taxonomy":"category","embeddable":true,"href":"https:\/\/www.ytrent.com\/blog\/wp-json\/wp\/v2\/categories?post=4988"},{"taxonomy":"post_tag","embeddable":true,"href":"https:\/\/www.ytrent.com\/blog\/wp-json\/wp\/v2\/tags?post=4988"}],"curies":[{"name":"wp","href":"https:\/\/api.w.org\/{rel}","templated":true}]}}